{"id":5125,"date":"2026-04-30T09:24:54","date_gmt":"2026-04-30T07:24:54","guid":{"rendered":"https:\/\/www.issat.info\/2026\/?p=5125"},"modified":"2026-04-30T09:28:40","modified_gmt":"2026-04-30T07:28:40","slug":"apprentissage-cap-ou-bac-en-exploitation-laitiere-fay-de-bretagne","status":"publish","type":"post","link":"https:\/\/www.issat.info\/2026\/apprentissage-cap-ou-bac-en-exploitation-laitiere-fay-de-bretagne\/","title":{"rendered":"Apprentissage CAP ou Bac en exploitation laiti\u00e8re \u2013 Fay-de-Bretagne"},"content":{"rendered":"\t\t<div data-elementor-type=\"wp-post\" data-elementor-id=\"5125\" class=\"elementor elementor-5125\" data-elementor-post-type=\"post\">\n\t\t\t\t\t\t<section class=\"elementor-section elementor-top-section elementor-element elementor-element-2ca915c8 elementor-section-boxed elementor-section-height-default elementor-section-height-default\" data-id=\"2ca915c8\" data-element_type=\"section\" data-e-type=\"section\" data-settings=\"{&quot;background_background&quot;:&quot;classic&quot;}\">\n\t\t\t\t\t\t<div class=\"elementor-container elementor-column-gap-default\">\n\t\t\t\t\t<div class=\"elementor-column elementor-col-100 elementor-top-column elementor-element elementor-element-55d3d595\" data-id=\"55d3d595\" data-element_type=\"column\" data-e-type=\"column\">\n\t\t\t<div class=\"elementor-widget-wrap elementor-element-populated\">\n\t\t\t\t\t\t<div class=\"elementor-element elementor-element-67ff8ee2 elementor-widget elementor-widget-spacer\" data-id=\"67ff8ee2\" data-element_type=\"widget\" data-e-type=\"widget\" data-widget_type=\"spacer.default\">\n\t\t\t\t\t\t\t<div class=\"elementor-spacer\">\n\t\t\t<div class=\"elementor-spacer-inner\"><\/div>\n\t\t<\/div>\n\t\t\t\t\t\t<\/div>\n\t\t\t\t\t<\/div>\n\t\t<\/div>\n\t\t\t\t\t<\/div>\n\t\t<\/section>\n\t\t\t\t<section class=\"elementor-section elementor-top-section elementor-element elementor-element-270a7ba2 elementor-section-boxed elementor-section-height-default elementor-section-height-default\" data-id=\"270a7ba2\" data-element_type=\"section\" data-e-type=\"section\">\n\t\t\t\t\t\t<div class=\"elementor-container elementor-column-gap-wider\">\n\t\t\t\t\t<div class=\"elementor-column elementor-col-100 elementor-top-column elementor-element elementor-element-49ab544a\" data-id=\"49ab544a\" data-element_type=\"column\" data-e-type=\"column\">\n\t\t\t<div class=\"elementor-widget-wrap elementor-element-populated\">\n\t\t\t\t\t\t<div class=\"elementor-element elementor-element-57e10e7d elementor-widget elementor-widget-theme-post-title elementor-page-title elementor-widget-heading\" data-id=\"57e10e7d\" data-element_type=\"widget\" data-e-type=\"widget\" data-widget_type=\"theme-post-title.default\">\n\t\t\t\t\t<h1 class=\"elementor-heading-title elementor-size-default\">Apprentissage CAP ou Bac en exploitation laiti\u00e8re \u2013 Fay-de-Bretagne<\/h1>\t\t\t\t<\/div>\n\t\t\t\t<div class=\"elementor-element elementor-element-3a554ee1 elementor-widget-divider--view-line elementor-widget elementor-widget-divider\" data-id=\"3a554ee1\" data-element_type=\"widget\" data-e-type=\"widget\" data-widget_type=\"divider.default\">\n\t\t\t\t\t\t\t<div class=\"elementor-divider\">\n\t\t\t<span class=\"elementor-divider-separator\">\n\t\t\t\t\t\t<\/span>\n\t\t<\/div>\n\t\t\t\t\t\t<\/div>\n\t\t\t\t\t<\/div>\n\t\t<\/div>\n\t\t\t\t\t<\/div>\n\t\t<\/section>\n\t\t\t\t<section class=\"elementor-section elementor-top-section elementor-element elementor-element-401a510d elementor-section-boxed elementor-section-height-default elementor-section-height-default\" data-id=\"401a510d\" data-element_type=\"section\" data-e-type=\"section\">\n\t\t\t\t\t\t<div class=\"elementor-container elementor-column-gap-wider\">\n\t\t\t\t\t<div class=\"elementor-column elementor-col-50 elementor-top-column elementor-element elementor-element-76becbb5\" data-id=\"76becbb5\" data-element_type=\"column\" data-e-type=\"column\">\n\t\t\t<div class=\"elementor-widget-wrap elementor-element-populated\">\n\t\t\t\t\t\t<div class=\"elementor-element elementor-element-cdd0478 elementor-widget elementor-widget-heading\" data-id=\"cdd0478\" data-element_type=\"widget\" data-e-type=\"widget\" data-widget_type=\"heading.default\">\n\t\t\t\t\t<h4 class=\"elementor-heading-title elementor-size-default\">Description<\/h4>\t\t\t\t<\/div>\n\t\t\t\t<div class=\"elementor-element elementor-element-7133001 elementor-widget elementor-widget-text-editor\" data-id=\"7133001\" data-element_type=\"widget\" data-e-type=\"widget\" data-widget_type=\"text-editor.default\">\n\t\t\t\t\t\t\t\t\t<p data-start=\"834\" data-end=\"917\">Une exploitation agricole situ\u00e9e \u00e0 <strong data-start=\"869\" data-end=\"888\">Fay-de-Bretagne<\/strong> recherche un(e) apprenti(e).<\/p><h5 data-section-id=\"a2a253\" data-start=\"919\" data-end=\"949\">\ud83d\udc04 Exploitation laiti\u00e8re<\/h5><ul data-start=\"951\" data-end=\"1004\"><li data-section-id=\"1jzgs1h\" data-start=\"951\" data-end=\"974\">75 vaches laiti\u00e8res<\/li><li data-section-id=\"14ap626\" data-start=\"975\" data-end=\"1004\">Salle de traite 2&#215;6 d\u00e9cro<\/li><\/ul><h5 data-section-id=\"4zu8ki\" data-start=\"1006\" data-end=\"1023\">\ud83c\udf3e Surfaces<\/h5><ul data-start=\"1025\" data-end=\"1097\"><li data-section-id=\"bg77zo\" data-start=\"1025\" data-end=\"1042\">40 ha de ma\u00efs<\/li><li data-section-id=\"6zs7pq\" data-start=\"1043\" data-end=\"1064\">40 ha de c\u00e9r\u00e9ales<\/li><li data-section-id=\"1127hxk\" data-start=\"1065\" data-end=\"1097\">Le reste en herbe sur 130 ha<\/li><\/ul><h5 data-section-id=\"1bttsdr\" data-start=\"1099\" data-end=\"1114\">\ud83d\udc65 \u00c9quipe<\/h5><ul data-start=\"1116\" data-end=\"1179\"><li data-section-id=\"blebfc\" data-start=\"1116\" data-end=\"1179\">2 personnes sur l\u2019exploitation : l\u2019exploitant et un salari\u00e9<\/li><\/ul><h5 data-section-id=\"1dg4972\" data-start=\"1181\" data-end=\"1210\">\ud83c\udf93 Formation recherch\u00e9e<\/h5><ul data-start=\"1212\" data-end=\"1226\"><li data-section-id=\"42qfr4\" data-start=\"1212\" data-end=\"1226\">CAP ou Bac<\/li><\/ul>\t\t\t\t\t\t\t\t<\/div>\n\t\t\t\t\t<\/div>\n\t\t<\/div>\n\t\t\t\t<div class=\"elementor-column elementor-col-50 elementor-top-column elementor-element elementor-element-0cc091e\" data-id=\"0cc091e\" data-element_type=\"column\" data-e-type=\"column\">\n\t\t\t<div class=\"elementor-widget-wrap elementor-element-populated\">\n\t\t\t\t\t\t<div class=\"elementor-element elementor-element-0a8a289 elementor-widget elementor-widget-spacer\" data-id=\"0a8a289\" data-element_type=\"widget\" data-e-type=\"widget\" data-widget_type=\"spacer.default\">\n\t\t\t\t\t\t\t<div class=\"elementor-spacer\">\n\t\t\t<div class=\"elementor-spacer-inner\"><\/div>\n\t\t<\/div>\n\t\t\t\t\t\t<\/div>\n\t\t\t\t<div class=\"elementor-element elementor-element-91102db elementor-widget elementor-widget-heading\" data-id=\"91102db\" data-element_type=\"widget\" data-e-type=\"widget\" data-widget_type=\"heading.default\">\n\t\t\t\t\t<h4 class=\"elementor-heading-title elementor-size-default\">Informations compl\u00e9mentaires<\/h4>\t\t\t\t<\/div>\n\t\t\t\t<div class=\"elementor-element elementor-element-01ce133 elementor-widget elementor-widget-heading\" data-id=\"01ce133\" data-element_type=\"widget\" data-e-type=\"widget\" data-widget_type=\"heading.default\">\n\t\t\t\t\t<h6 class=\"elementor-heading-title elementor-size-default\">Lieu d\u2019embauche<\/h6>\t\t\t\t<\/div>\n\t\t\t\t<div class=\"elementor-element elementor-element-5d2209e elementor-widget elementor-widget-text-editor\" data-id=\"5d2209e\" data-element_type=\"widget\" data-e-type=\"widget\" data-widget_type=\"text-editor.default\">\n\t\t\t\t\t\t\t\t\t<p>Fay-de-Bretagne<\/p>\t\t\t\t\t\t\t\t<\/div>\n\t\t\t\t<div class=\"elementor-element elementor-element-391fc53 elementor-widget elementor-widget-heading\" data-id=\"391fc53\" data-element_type=\"widget\" data-e-type=\"widget\" data-widget_type=\"heading.default\">\n\t\t\t\t\t<h6 class=\"elementor-heading-title elementor-size-default\">Type d'emploi<\/h6>\t\t\t\t<\/div>\n\t\t\t\t<div class=\"elementor-element elementor-element-7557aa6 elementor-widget elementor-widget-text-editor\" data-id=\"7557aa6\" data-element_type=\"widget\" data-e-type=\"widget\" data-widget_type=\"text-editor.default\">\n\t\t\t\t\t\t\t\t\t<p>Alternance<\/p>\t\t\t\t\t\t\t\t<\/div>\n\t\t\t\t<div class=\"elementor-element elementor-element-6ea937e elementor-widget elementor-widget-heading\" data-id=\"6ea937e\" data-element_type=\"widget\" data-e-type=\"widget\" data-widget_type=\"heading.default\">\n\t\t\t\t\t<h6 class=\"elementor-heading-title elementor-size-default\">Contact<\/h6>\t\t\t\t<\/div>\n\t\t\t\t<div class=\"elementor-element elementor-element-79405b6 elementor-widget elementor-widget-text-editor\" data-id=\"79405b6\" data-element_type=\"widget\" data-e-type=\"widget\" data-widget_type=\"text-editor.default\">\n\t\t\t\t\t\t\t\t\t<p>Mr Maillard<br data-start=\"1257\" data-end=\"1260\" \/>06 85 29 51 73<\/p>\t\t\t\t\t\t\t\t<\/div>\n\t\t\t\t<div class=\"elementor-element elementor-element-5f5632e elementor-widget elementor-widget-spacer\" data-id=\"5f5632e\" data-element_type=\"widget\" data-e-type=\"widget\" data-widget_type=\"spacer.default\">\n\t\t\t\t\t\t\t<div class=\"elementor-spacer\">\n\t\t\t<div class=\"elementor-spacer-inner\"><\/div>\n\t\t<\/div>\n\t\t\t\t\t\t<\/div>\n\t\t\t\t\t<\/div>\n\t\t<\/div>\n\t\t\t\t\t<\/div>\n\t\t<\/section>\n\t\t\t\t<\/div>\n\t\t","protected":false},"excerpt":{"rendered":"<p>Description Une exploitation agricole situ\u00e9e \u00e0 Fay-de-Bretagne recherche un(e) apprenti(e). \ud83d\udc04 Exploitation laiti\u00e8re 75 vaches laiti\u00e8res Salle de traite 2&#215;6 d\u00e9cro \ud83c\udf3e Surfaces 40 ha de ma\u00efs 40 ha de c\u00e9r\u00e9ales Le reste en herbe sur 130 ha \ud83d\udc65 \u00c9quipe 2 personnes sur l\u2019exploitation : l\u2019exploitant et un salari\u00e9 \ud83c\udf93 Formation recherch\u00e9e CAP ou Bac [&hellip;]<\/p>\n","protected":false},"author":1,"featured_media":1225,"comment_status":"open","ping_status":"open","sticky":false,"template":"","format":"standard","meta":{"footnotes":""},"categories":[30],"tags":[],"post_folder":[82,81],"class_list":["post-5125","post","type-post","status-publish","format-standard","has-post-thumbnail","hentry","category-emploi"],"yoast_head":"<!-- This site is optimized with the Yoast SEO plugin v27.2 - https:\/\/yoast.com\/product\/yoast-seo-wordpress\/ -->\n<title>Apprentissage CAP ou Bac en exploitation laiti\u00e8re \u2013 Fay-de-Bretagne - ISSAT Pays de Vilaine<\/title>\n<meta name=\"description\" content=\"Exploitation laiti\u00e8re \u00e0 Fay-de-Bretagne recherche un apprenti CAP ou Bac. 75 vaches laiti\u00e8res, 130 ha, cultures et \u00e9levage au sein d\u2019une ferme familiale.\" \/>\n<meta name=\"robots\" content=\"index, follow, max-snippet:-1, max-image-preview:large, max-video-preview:-1\" \/>\n<link rel=\"canonical\" href=\"https:\/\/www.issat.info\/2026\/apprentissage-cap-ou-bac-en-exploitation-laitiere-fay-de-bretagne\/\" \/>\n<meta property=\"og:locale\" content=\"fr_FR\" \/>\n<meta property=\"og:type\" content=\"article\" \/>\n<meta property=\"og:title\" content=\"Apprentissage CAP ou Bac en exploitation laiti\u00e8re \u2013 Fay-de-Bretagne - ISSAT Pays de Vilaine\" \/>\n<meta property=\"og:description\" content=\"Exploitation laiti\u00e8re \u00e0 Fay-de-Bretagne recherche un apprenti CAP ou Bac. 75 vaches laiti\u00e8res, 130 ha, cultures et \u00e9levage au sein d\u2019une ferme familiale.\" \/>\n<meta property=\"og:url\" content=\"https:\/\/www.issat.info\/2026\/apprentissage-cap-ou-bac-en-exploitation-laitiere-fay-de-bretagne\/\" \/>\n<meta property=\"og:site_name\" content=\"ISSAT Pays de Vilaine\" \/>\n<meta property=\"article:publisher\" content=\"https:\/\/www.facebook.com\/lyceeissat\/\" \/>\n<meta property=\"article:published_time\" content=\"2026-04-30T07:24:54+00:00\" \/>\n<meta property=\"article:modified_time\" content=\"2026-04-30T07:28:40+00:00\" \/>\n<meta property=\"og:image\" content=\"https:\/\/www.issat.info\/2026\/wp-content\/uploads\/2025\/09\/pexels-ron-lach-9870144-scaled.jpg\" \/>\n\t<meta property=\"og:image:width\" content=\"2560\" \/>\n\t<meta property=\"og:image:height\" content=\"1707\" \/>\n\t<meta property=\"og:image:type\" content=\"image\/jpeg\" \/>\n<meta name=\"author\" content=\"issat35\" \/>\n<meta name=\"twitter:card\" content=\"summary_large_image\" \/>\n<meta name=\"twitter:label1\" content=\"\u00c9crit par\" \/>\n\t<meta name=\"twitter:data1\" content=\"issat35\" \/>\n\t<meta name=\"twitter:label2\" content=\"Dur\u00e9e de lecture estim\u00e9e\" \/>\n\t<meta name=\"twitter:data2\" content=\"2 minutes\" \/>\n<script type=\"application\/ld+json\" class=\"yoast-schema-graph\">{\"@context\":\"https:\/\/schema.org\",\"@graph\":[{\"@type\":\"Article\",\"@id\":\"https:\/\/www.issat.info\/2026\/apprentissage-cap-ou-bac-en-exploitation-laitiere-fay-de-bretagne\/#article\",\"isPartOf\":{\"@id\":\"https:\/\/www.issat.info\/2026\/apprentissage-cap-ou-bac-en-exploitation-laitiere-fay-de-bretagne\/\"},\"author\":{\"name\":\"issat35\",\"@id\":\"https:\/\/www.issat.info\/2026\/#\/schema\/person\/feaf71b68509e8941f9d815b9c73212f\"},\"headline\":\"Apprentissage CAP ou Bac en exploitation laiti\u00e8re \u2013 Fay-de-Bretagne\",\"datePublished\":\"2026-04-30T07:24:54+00:00\",\"dateModified\":\"2026-04-30T07:28:40+00:00\",\"mainEntityOfPage\":{\"@id\":\"https:\/\/www.issat.info\/2026\/apprentissage-cap-ou-bac-en-exploitation-laitiere-fay-de-bretagne\/\"},\"wordCount\":79,\"commentCount\":0,\"publisher\":{\"@id\":\"https:\/\/www.issat.info\/2026\/#organization\"},\"image\":{\"@id\":\"https:\/\/www.issat.info\/2026\/apprentissage-cap-ou-bac-en-exploitation-laitiere-fay-de-bretagne\/#primaryimage\"},\"thumbnailUrl\":\"https:\/\/www.issat.info\/2026\/wp-content\/uploads\/2025\/09\/pexels-ron-lach-9870144-scaled.jpg\",\"articleSection\":[\"Emploi\"],\"inLanguage\":\"fr-FR\",\"potentialAction\":[{\"@type\":\"CommentAction\",\"name\":\"Comment\",\"target\":[\"https:\/\/www.issat.info\/2026\/apprentissage-cap-ou-bac-en-exploitation-laitiere-fay-de-bretagne\/#respond\"]}]},{\"@type\":\"WebPage\",\"@id\":\"https:\/\/www.issat.info\/2026\/apprentissage-cap-ou-bac-en-exploitation-laitiere-fay-de-bretagne\/\",\"url\":\"https:\/\/www.issat.info\/2026\/apprentissage-cap-ou-bac-en-exploitation-laitiere-fay-de-bretagne\/\",\"name\":\"Apprentissage CAP ou Bac en exploitation laiti\u00e8re \u2013 Fay-de-Bretagne - ISSAT Pays de Vilaine\",\"isPartOf\":{\"@id\":\"https:\/\/www.issat.info\/2026\/#website\"},\"primaryImageOfPage\":{\"@id\":\"https:\/\/www.issat.info\/2026\/apprentissage-cap-ou-bac-en-exploitation-laitiere-fay-de-bretagne\/#primaryimage\"},\"image\":{\"@id\":\"https:\/\/www.issat.info\/2026\/apprentissage-cap-ou-bac-en-exploitation-laitiere-fay-de-bretagne\/#primaryimage\"},\"thumbnailUrl\":\"https:\/\/www.issat.info\/2026\/wp-content\/uploads\/2025\/09\/pexels-ron-lach-9870144-scaled.jpg\",\"datePublished\":\"2026-04-30T07:24:54+00:00\",\"dateModified\":\"2026-04-30T07:28:40+00:00\",\"description\":\"Exploitation laiti\u00e8re \u00e0 Fay-de-Bretagne recherche un apprenti CAP ou Bac. 75 vaches laiti\u00e8res, 130 ha, cultures et \u00e9levage au sein d\u2019une ferme familiale.\",\"breadcrumb\":{\"@id\":\"https:\/\/www.issat.info\/2026\/apprentissage-cap-ou-bac-en-exploitation-laitiere-fay-de-bretagne\/#breadcrumb\"},\"inLanguage\":\"fr-FR\",\"potentialAction\":[{\"@type\":\"ReadAction\",\"target\":[\"https:\/\/www.issat.info\/2026\/apprentissage-cap-ou-bac-en-exploitation-laitiere-fay-de-bretagne\/\"]}]},{\"@type\":\"ImageObject\",\"inLanguage\":\"fr-FR\",\"@id\":\"https:\/\/www.issat.info\/2026\/apprentissage-cap-ou-bac-en-exploitation-laitiere-fay-de-bretagne\/#primaryimage\",\"url\":\"https:\/\/www.issat.info\/2026\/wp-content\/uploads\/2025\/09\/pexels-ron-lach-9870144-scaled.jpg\",\"contentUrl\":\"https:\/\/www.issat.info\/2026\/wp-content\/uploads\/2025\/09\/pexels-ron-lach-9870144-scaled.jpg\",\"width\":2560,\"height\":1707,\"caption\":\"bg-emploi\"},{\"@type\":\"BreadcrumbList\",\"@id\":\"https:\/\/www.issat.info\/2026\/apprentissage-cap-ou-bac-en-exploitation-laitiere-fay-de-bretagne\/#breadcrumb\",\"itemListElement\":[{\"@type\":\"ListItem\",\"position\":1,\"name\":\"Accueil\",\"item\":\"https:\/\/www.issat.info\/2026\/\"},{\"@type\":\"ListItem\",\"position\":2,\"name\":\"Apprentissage CAP ou Bac en exploitation laiti\u00e8re \u2013 Fay-de-Bretagne\"}]},{\"@type\":\"WebSite\",\"@id\":\"https:\/\/www.issat.info\/2026\/#website\",\"url\":\"https:\/\/www.issat.info\/2026\/\",\"name\":\"ISSAT\",\"description\":\"Lyc\u00e9e Professionnel \/ Apprentissage \/ \u00c9tudes Sup\u00e9rieures et Formation continue\",\"publisher\":{\"@id\":\"https:\/\/www.issat.info\/2026\/#organization\"},\"alternateName\":\"ISSAT\",\"potentialAction\":[{\"@type\":\"SearchAction\",\"target\":{\"@type\":\"EntryPoint\",\"urlTemplate\":\"https:\/\/www.issat.info\/2026\/?s={search_term_string}\"},\"query-input\":{\"@type\":\"PropertyValueSpecification\",\"valueRequired\":true,\"valueName\":\"search_term_string\"}}],\"inLanguage\":\"fr-FR\"},{\"@type\":\"Organization\",\"@id\":\"https:\/\/www.issat.info\/2026\/#organization\",\"name\":\"ISSAT\",\"url\":\"https:\/\/www.issat.info\/2026\/\",\"logo\":{\"@type\":\"ImageObject\",\"inLanguage\":\"fr-FR\",\"@id\":\"https:\/\/www.issat.info\/2026\/#\/schema\/logo\/image\/\",\"url\":\"https:\/\/www.issat.info\/2026\/wp-content\/uploads\/2025\/07\/logo-site-couleur.png\",\"contentUrl\":\"https:\/\/www.issat.info\/2026\/wp-content\/uploads\/2025\/07\/logo-site-couleur.png\",\"width\":1459,\"height\":417,\"caption\":\"ISSAT\"},\"image\":{\"@id\":\"https:\/\/www.issat.info\/2026\/#\/schema\/logo\/image\/\"},\"sameAs\":[\"https:\/\/www.facebook.com\/lyceeissat\/\",\"https:\/\/www.instagram.com\/lyceeissat\/\",\"https:\/\/fr.linkedin.com\/school\/lyce-issat\/\"]},{\"@type\":\"Person\",\"@id\":\"https:\/\/www.issat.info\/2026\/#\/schema\/person\/feaf71b68509e8941f9d815b9c73212f\",\"name\":\"issat35\",\"image\":{\"@type\":\"ImageObject\",\"inLanguage\":\"fr-FR\",\"@id\":\"https:\/\/secure.gravatar.com\/avatar\/1ffaab5815a989e33ecedefe05d146e2022e2fdeaa35dcd689b0b32d30a5e3ab?s=96&d=mm&r=g\",\"url\":\"https:\/\/secure.gravatar.com\/avatar\/1ffaab5815a989e33ecedefe05d146e2022e2fdeaa35dcd689b0b32d30a5e3ab?s=96&d=mm&r=g\",\"contentUrl\":\"https:\/\/secure.gravatar.com\/avatar\/1ffaab5815a989e33ecedefe05d146e2022e2fdeaa35dcd689b0b32d30a5e3ab?s=96&d=mm&r=g\",\"caption\":\"issat35\"},\"sameAs\":[\"https:\/\/www.issat.info\/2026\"],\"url\":\"https:\/\/www.issat.info\/2026\/author\/issat35\/\"}]}<\/script>\n<!-- \/ Yoast SEO plugin. -->","yoast_head_json":{"title":"Apprentissage CAP ou Bac en exploitation laiti\u00e8re \u2013 Fay-de-Bretagne - ISSAT Pays de Vilaine","description":"Exploitation laiti\u00e8re \u00e0 Fay-de-Bretagne recherche un apprenti CAP ou Bac. 75 vaches laiti\u00e8res, 130 ha, cultures et \u00e9levage au sein d\u2019une ferme familiale.","robots":{"index":"index","follow":"follow","max-snippet":"max-snippet:-1","max-image-preview":"max-image-preview:large","max-video-preview":"max-video-preview:-1"},"canonical":"https:\/\/www.issat.info\/2026\/apprentissage-cap-ou-bac-en-exploitation-laitiere-fay-de-bretagne\/","og_locale":"fr_FR","og_type":"article","og_title":"Apprentissage CAP ou Bac en exploitation laiti\u00e8re \u2013 Fay-de-Bretagne - ISSAT Pays de Vilaine","og_description":"Exploitation laiti\u00e8re \u00e0 Fay-de-Bretagne recherche un apprenti CAP ou Bac. 75 vaches laiti\u00e8res, 130 ha, cultures et \u00e9levage au sein d\u2019une ferme familiale.","og_url":"https:\/\/www.issat.info\/2026\/apprentissage-cap-ou-bac-en-exploitation-laitiere-fay-de-bretagne\/","og_site_name":"ISSAT Pays de Vilaine","article_publisher":"https:\/\/www.facebook.com\/lyceeissat\/","article_published_time":"2026-04-30T07:24:54+00:00","article_modified_time":"2026-04-30T07:28:40+00:00","og_image":[{"width":2560,"height":1707,"url":"https:\/\/www.issat.info\/2026\/wp-content\/uploads\/2025\/09\/pexels-ron-lach-9870144-scaled.jpg","type":"image\/jpeg"}],"author":"issat35","twitter_card":"summary_large_image","twitter_misc":{"\u00c9crit par":"issat35","Dur\u00e9e de lecture estim\u00e9e":"2 minutes"},"schema":{"@context":"https:\/\/schema.org","@graph":[{"@type":"Article","@id":"https:\/\/www.issat.info\/2026\/apprentissage-cap-ou-bac-en-exploitation-laitiere-fay-de-bretagne\/#article","isPartOf":{"@id":"https:\/\/www.issat.info\/2026\/apprentissage-cap-ou-bac-en-exploitation-laitiere-fay-de-bretagne\/"},"author":{"name":"issat35","@id":"https:\/\/www.issat.info\/2026\/#\/schema\/person\/feaf71b68509e8941f9d815b9c73212f"},"headline":"Apprentissage CAP ou Bac en exploitation laiti\u00e8re \u2013 Fay-de-Bretagne","datePublished":"2026-04-30T07:24:54+00:00","dateModified":"2026-04-30T07:28:40+00:00","mainEntityOfPage":{"@id":"https:\/\/www.issat.info\/2026\/apprentissage-cap-ou-bac-en-exploitation-laitiere-fay-de-bretagne\/"},"wordCount":79,"commentCount":0,"publisher":{"@id":"https:\/\/www.issat.info\/2026\/#organization"},"image":{"@id":"https:\/\/www.issat.info\/2026\/apprentissage-cap-ou-bac-en-exploitation-laitiere-fay-de-bretagne\/#primaryimage"},"thumbnailUrl":"https:\/\/www.issat.info\/2026\/wp-content\/uploads\/2025\/09\/pexels-ron-lach-9870144-scaled.jpg","articleSection":["Emploi"],"inLanguage":"fr-FR","potentialAction":[{"@type":"CommentAction","name":"Comment","target":["https:\/\/www.issat.info\/2026\/apprentissage-cap-ou-bac-en-exploitation-laitiere-fay-de-bretagne\/#respond"]}]},{"@type":"WebPage","@id":"https:\/\/www.issat.info\/2026\/apprentissage-cap-ou-bac-en-exploitation-laitiere-fay-de-bretagne\/","url":"https:\/\/www.issat.info\/2026\/apprentissage-cap-ou-bac-en-exploitation-laitiere-fay-de-bretagne\/","name":"Apprentissage CAP ou Bac en exploitation laiti\u00e8re \u2013 Fay-de-Bretagne - ISSAT Pays de Vilaine","isPartOf":{"@id":"https:\/\/www.issat.info\/2026\/#website"},"primaryImageOfPage":{"@id":"https:\/\/www.issat.info\/2026\/apprentissage-cap-ou-bac-en-exploitation-laitiere-fay-de-bretagne\/#primaryimage"},"image":{"@id":"https:\/\/www.issat.info\/2026\/apprentissage-cap-ou-bac-en-exploitation-laitiere-fay-de-bretagne\/#primaryimage"},"thumbnailUrl":"https:\/\/www.issat.info\/2026\/wp-content\/uploads\/2025\/09\/pexels-ron-lach-9870144-scaled.jpg","datePublished":"2026-04-30T07:24:54+00:00","dateModified":"2026-04-30T07:28:40+00:00","description":"Exploitation laiti\u00e8re \u00e0 Fay-de-Bretagne recherche un apprenti CAP ou Bac. 75 vaches laiti\u00e8res, 130 ha, cultures et \u00e9levage au sein d\u2019une ferme familiale.","breadcrumb":{"@id":"https:\/\/www.issat.info\/2026\/apprentissage-cap-ou-bac-en-exploitation-laitiere-fay-de-bretagne\/#breadcrumb"},"inLanguage":"fr-FR","potentialAction":[{"@type":"ReadAction","target":["https:\/\/www.issat.info\/2026\/apprentissage-cap-ou-bac-en-exploitation-laitiere-fay-de-bretagne\/"]}]},{"@type":"ImageObject","inLanguage":"fr-FR","@id":"https:\/\/www.issat.info\/2026\/apprentissage-cap-ou-bac-en-exploitation-laitiere-fay-de-bretagne\/#primaryimage","url":"https:\/\/www.issat.info\/2026\/wp-content\/uploads\/2025\/09\/pexels-ron-lach-9870144-scaled.jpg","contentUrl":"https:\/\/www.issat.info\/2026\/wp-content\/uploads\/2025\/09\/pexels-ron-lach-9870144-scaled.jpg","width":2560,"height":1707,"caption":"bg-emploi"},{"@type":"BreadcrumbList","@id":"https:\/\/www.issat.info\/2026\/apprentissage-cap-ou-bac-en-exploitation-laitiere-fay-de-bretagne\/#breadcrumb","itemListElement":[{"@type":"ListItem","position":1,"name":"Accueil","item":"https:\/\/www.issat.info\/2026\/"},{"@type":"ListItem","position":2,"name":"Apprentissage CAP ou Bac en exploitation laiti\u00e8re \u2013 Fay-de-Bretagne"}]},{"@type":"WebSite","@id":"https:\/\/www.issat.info\/2026\/#website","url":"https:\/\/www.issat.info\/2026\/","name":"ISSAT","description":"Lyc\u00e9e Professionnel \/ Apprentissage \/ \u00c9tudes Sup\u00e9rieures et Formation continue","publisher":{"@id":"https:\/\/www.issat.info\/2026\/#organization"},"alternateName":"ISSAT","potentialAction":[{"@type":"SearchAction","target":{"@type":"EntryPoint","urlTemplate":"https:\/\/www.issat.info\/2026\/?s={search_term_string}"},"query-input":{"@type":"PropertyValueSpecification","valueRequired":true,"valueName":"search_term_string"}}],"inLanguage":"fr-FR"},{"@type":"Organization","@id":"https:\/\/www.issat.info\/2026\/#organization","name":"ISSAT","url":"https:\/\/www.issat.info\/2026\/","logo":{"@type":"ImageObject","inLanguage":"fr-FR","@id":"https:\/\/www.issat.info\/2026\/#\/schema\/logo\/image\/","url":"https:\/\/www.issat.info\/2026\/wp-content\/uploads\/2025\/07\/logo-site-couleur.png","contentUrl":"https:\/\/www.issat.info\/2026\/wp-content\/uploads\/2025\/07\/logo-site-couleur.png","width":1459,"height":417,"caption":"ISSAT"},"image":{"@id":"https:\/\/www.issat.info\/2026\/#\/schema\/logo\/image\/"},"sameAs":["https:\/\/www.facebook.com\/lyceeissat\/","https:\/\/www.instagram.com\/lyceeissat\/","https:\/\/fr.linkedin.com\/school\/lyce-issat\/"]},{"@type":"Person","@id":"https:\/\/www.issat.info\/2026\/#\/schema\/person\/feaf71b68509e8941f9d815b9c73212f","name":"issat35","image":{"@type":"ImageObject","inLanguage":"fr-FR","@id":"https:\/\/secure.gravatar.com\/avatar\/1ffaab5815a989e33ecedefe05d146e2022e2fdeaa35dcd689b0b32d30a5e3ab?s=96&d=mm&r=g","url":"https:\/\/secure.gravatar.com\/avatar\/1ffaab5815a989e33ecedefe05d146e2022e2fdeaa35dcd689b0b32d30a5e3ab?s=96&d=mm&r=g","contentUrl":"https:\/\/secure.gravatar.com\/avatar\/1ffaab5815a989e33ecedefe05d146e2022e2fdeaa35dcd689b0b32d30a5e3ab?s=96&d=mm&r=g","caption":"issat35"},"sameAs":["https:\/\/www.issat.info\/2026"],"url":"https:\/\/www.issat.info\/2026\/author\/issat35\/"}]}},"_links":{"self":[{"href":"https:\/\/www.issat.info\/2026\/wp-json\/wp\/v2\/posts\/5125","targetHints":{"allow":["GET"]}}],"collection":[{"href":"https:\/\/www.issat.info\/2026\/wp-json\/wp\/v2\/posts"}],"about":[{"href":"https:\/\/www.issat.info\/2026\/wp-json\/wp\/v2\/types\/post"}],"author":[{"embeddable":true,"href":"https:\/\/www.issat.info\/2026\/wp-json\/wp\/v2\/users\/1"}],"replies":[{"embeddable":true,"href":"https:\/\/www.issat.info\/2026\/wp-json\/wp\/v2\/comments?post=5125"}],"version-history":[{"count":4,"href":"https:\/\/www.issat.info\/2026\/wp-json\/wp\/v2\/posts\/5125\/revisions"}],"predecessor-version":[{"id":5129,"href":"https:\/\/www.issat.info\/2026\/wp-json\/wp\/v2\/posts\/5125\/revisions\/5129"}],"wp:featuredmedia":[{"embeddable":true,"href":"https:\/\/www.issat.info\/2026\/wp-json\/wp\/v2\/media\/1225"}],"wp:attachment":[{"href":"https:\/\/www.issat.info\/2026\/wp-json\/wp\/v2\/media?parent=5125"}],"wp:term":[{"taxonomy":"category","embeddable":true,"href":"https:\/\/www.issat.info\/2026\/wp-json\/wp\/v2\/categories?post=5125"},{"taxonomy":"post_tag","embeddable":true,"href":"https:\/\/www.issat.info\/2026\/wp-json\/wp\/v2\/tags?post=5125"},{"taxonomy":"post_folder","embeddable":true,"href":"https:\/\/www.issat.info\/2026\/wp-json\/wp\/v2\/post_folder?post=5125"}],"curies":[{"name":"wp","href":"https:\/\/api.w.org\/{rel}","templated":true}]}}